{"id":1147,"date":"2022-09-24T13:42:07","date_gmt":"2022-09-24T12:42:07","guid":{"rendered":"https:\/\/bijelo-polje.dik.co.me\/?p=1147"},"modified":"2022-09-24T13:42:07","modified_gmt":"2022-09-24T12:42:07","slug":"rjesenje-o-utvrdivanju-i-proglasavanju-izborne-liste-dr-dritan-abazovic-moze-bijelo-polje-moze-crna-gora-gradanski-pokret-ura","status":"publish","type":"post","link":"https:\/\/dikcg.me\/wpold\/bijelo-polje\/rjesenje-o-utvrdivanju-i-proglasavanju-izborne-liste-dr-dritan-abazovic-moze-bijelo-polje-moze-crna-gora-gradanski-pokret-ura\/","title":{"rendered":"Rje\u0161enje o utvr\u0111ivanju i progla\u0161avanju izborne liste dr Dritan Abazovi\u0107 &#8211; Mo\u017ee Bijelo Polje! Mo\u017ee Crna Gora! &#8211; Gra\u0111anski pokret URA!"},"content":{"rendered":"","protected":false},"excerpt":{"rendered":"","protected":false},"author":62,"featured_media":0,"comment_status":"closed","ping_status":"closed","sticky":false,"template":"","format":"standard","meta":{"footnotes":""},"categories":[229],"tags":[],"_links":{"self":[{"href":"https:\/\/dikcg.me\/wpold\/bijelo-polje\/wp-json\/wp\/v2\/posts\/1147"}],"collection":[{"href":"https:\/\/dikcg.me\/wpold\/bijelo-polje\/wp-json\/wp\/v2\/posts"}],"about":[{"href":"https:\/\/dikcg.me\/wpold\/bijelo-polje\/wp-json\/wp\/v2\/types\/post"}],"author":[{"embeddable":true,"href":"https:\/\/dikcg.me\/wpold\/bijelo-polje\/wp-json\/wp\/v2\/users\/62"}],"replies":[{"embeddable":true,"href":"https:\/\/dikcg.me\/wpold\/bijelo-polje\/wp-json\/wp\/v2\/comments?post=1147"}],"version-history":[{"count":2,"href":"https:\/\/dikcg.me\/wpold\/bijelo-polje\/wp-json\/wp\/v2\/posts\/1147\/revisions"}],"predecessor-version":[{"id":1149,"href":"https:\/\/dikcg.me\/wpold\/bijelo-polje\/wp-json\/wp\/v2\/posts\/1147\/revisions\/1149"}],"wp:attachment":[{"href":"https:\/\/dikcg.me\/wpold\/bijelo-polje\/wp-json\/wp\/v2\/media?parent=1147"}],"wp:term":[{"taxonomy":"category","embeddable":true,"href":"https:\/\/dikcg.me\/wpold\/bijelo-polje\/wp-json\/wp\/v2\/categories?post=1147"},{"taxonomy":"post_tag","embeddable":true,"href":"https:\/\/dikcg.me\/wpold\/bijelo-polje\/wp-json\/wp\/v2\/tags?post=1147"}],"curies":[{"name":"wp","href":"https:\/\/api.w.org\/{rel}","templated":true}]}}