{"id":1122,"date":"2022-08-05T13:58:33","date_gmt":"2022-08-05T12:58:33","guid":{"rendered":"https:\/\/bijelo-polje.dik.co.me\/?p=1122"},"modified":"2022-09-26T13:01:07","modified_gmt":"2022-09-26T12:01:07","slug":"izmjene-kalendara-svih-rokova-za-sprovodenje-izbornih-radnji-na-izborima-za-izbor-odbornika-u-skupstinu-opstine-bijelo-polje-koji-ce-se-odrzati-23-10-2022-godine-2","status":"publish","type":"post","link":"https:\/\/dikcg.me\/wpold\/bijelo-polje\/izmjene-kalendara-svih-rokova-za-sprovodenje-izbornih-radnji-na-izborima-za-izbor-odbornika-u-skupstinu-opstine-bijelo-polje-koji-ce-se-odrzati-23-10-2022-godine-2\/","title":{"rendered":"Izmjene kalendara svih rokova za sprovo\u0111enje izbornih radnji na izborima za izbor odbornika u Skup\u0161tinu op\u0161tine Bijelo Polje koji \u0107e se odr\u017eati 23. 10. 2022. godine"},"content":{"rendered":"","protected":false},"excerpt":{"rendered":"","protected":false},"author":62,"featured_media":0,"comment_status":"closed","ping_status":"closed","sticky":false,"template":"","format":"standard","meta":{"footnotes":""},"categories":[229],"tags":[],"_links":{"self":[{"href":"https:\/\/dikcg.me\/wpold\/bijelo-polje\/wp-json\/wp\/v2\/posts\/1122"}],"collection":[{"href":"https:\/\/dikcg.me\/wpold\/bijelo-polje\/wp-json\/wp\/v2\/posts"}],"about":[{"href":"https:\/\/dikcg.me\/wpold\/bijelo-polje\/wp-json\/wp\/v2\/types\/post"}],"author":[{"embeddable":true,"href":"https:\/\/dikcg.me\/wpold\/bijelo-polje\/wp-json\/wp\/v2\/users\/62"}],"replies":[{"embeddable":true,"href":"https:\/\/dikcg.me\/wpold\/bijelo-polje\/wp-json\/wp\/v2\/comments?post=1122"}],"version-history":[{"count":1,"href":"https:\/\/dikcg.me\/wpold\/bijelo-polje\/wp-json\/wp\/v2\/posts\/1122\/revisions"}],"predecessor-version":[{"id":1125,"href":"https:\/\/dikcg.me\/wpold\/bijelo-polje\/wp-json\/wp\/v2\/posts\/1122\/revisions\/1125"}],"wp:attachment":[{"href":"https:\/\/dikcg.me\/wpold\/bijelo-polje\/wp-json\/wp\/v2\/media?parent=1122"}],"wp:term":[{"taxonomy":"category","embeddable":true,"href":"https:\/\/dikcg.me\/wpold\/bijelo-polje\/wp-json\/wp\/v2\/categories?post=1122"},{"taxonomy":"post_tag","embeddable":true,"href":"https:\/\/dikcg.me\/wpold\/bijelo-polje\/wp-json\/wp\/v2\/tags?post=1122"}],"curies":[{"name":"wp","href":"https:\/\/api.w.org\/{rel}","templated":true}]}}