{"id":1109,"date":"2022-04-20T08:31:09","date_gmt":"2022-04-20T07:31:09","guid":{"rendered":"https:\/\/bijelo-polje.dik.co.me\/?p=1109"},"modified":"2022-04-20T14:22:37","modified_gmt":"2022-04-20T13:22:37","slug":"kalendar-rokova-za-sprovodenje-izbornih-radnji-na-izborima-za-izbor-odbornika-u-skupstinu-opstine-bijelo-polje-koji-ce-se-odrzati-12-06-2022-godine","status":"publish","type":"post","link":"https:\/\/dikcg.me\/wpold\/bijelo-polje\/kalendar-rokova-za-sprovodenje-izbornih-radnji-na-izborima-za-izbor-odbornika-u-skupstinu-opstine-bijelo-polje-koji-ce-se-odrzati-12-06-2022-godine\/","title":{"rendered":"Kalendar rokova za sprovo\u0111enje izbornih radnji na izborima za izbor odbornika u Skup\u0161tinu op\u0161tine Bijelo Polje koji \u0107e se odr\u017eati 12.06.2022.godine"},"content":{"rendered":"","protected":false},"excerpt":{"rendered":"","protected":false},"author":62,"featured_media":0,"comment_status":"closed","ping_status":"closed","sticky":false,"template":"","format":"standard","meta":{"footnotes":""},"categories":[229],"tags":[],"_links":{"self":[{"href":"https:\/\/dikcg.me\/wpold\/bijelo-polje\/wp-json\/wp\/v2\/posts\/1109"}],"collection":[{"href":"https:\/\/dikcg.me\/wpold\/bijelo-polje\/wp-json\/wp\/v2\/posts"}],"about":[{"href":"https:\/\/dikcg.me\/wpold\/bijelo-polje\/wp-json\/wp\/v2\/types\/post"}],"author":[{"embeddable":true,"href":"https:\/\/dikcg.me\/wpold\/bijelo-polje\/wp-json\/wp\/v2\/users\/62"}],"replies":[{"embeddable":true,"href":"https:\/\/dikcg.me\/wpold\/bijelo-polje\/wp-json\/wp\/v2\/comments?post=1109"}],"version-history":[{"count":1,"href":"https:\/\/dikcg.me\/wpold\/bijelo-polje\/wp-json\/wp\/v2\/posts\/1109\/revisions"}],"predecessor-version":[{"id":1112,"href":"https:\/\/dikcg.me\/wpold\/bijelo-polje\/wp-json\/wp\/v2\/posts\/1109\/revisions\/1112"}],"wp:attachment":[{"href":"https:\/\/dikcg.me\/wpold\/bijelo-polje\/wp-json\/wp\/v2\/media?parent=1109"}],"wp:term":[{"taxonomy":"category","embeddable":true,"href":"https:\/\/dikcg.me\/wpold\/bijelo-polje\/wp-json\/wp\/v2\/categories?post=1109"},{"taxonomy":"post_tag","embeddable":true,"href":"https:\/\/dikcg.me\/wpold\/bijelo-polje\/wp-json\/wp\/v2\/tags?post=1109"}],"curies":[{"name":"wp","href":"https:\/\/api.w.org\/{rel}","templated":true}]}}