{"id":1085,"date":"2020-08-27T21:37:53","date_gmt":"2020-08-27T20:37:53","guid":{"rendered":"https:\/\/bijelo-polje.dik.co.me\/?p=1085"},"modified":"2020-08-27T21:37:53","modified_gmt":"2020-08-27T20:37:53","slug":"zakljucci-za-opunomocene-predstavnike-izborne-liste-dr-dritan-abazovic-crno-na-bijelo-dr-srdan-pavicevic","status":"publish","type":"post","link":"https:\/\/dikcg.me\/wpold\/bijelo-polje\/zakljucci-za-opunomocene-predstavnike-izborne-liste-dr-dritan-abazovic-crno-na-bijelo-dr-srdan-pavicevic\/","title":{"rendered":"Zaklju\u010dci za opunomo\u0107ene predstavnike izborne liste &#8211; dr Dritan Abazovi\u0107 &#8211; Crno na bijelo &#8211; dr Sr\u0111an Pavi\u0107evi\u0107"},"content":{"rendered":"","protected":false},"excerpt":{"rendered":"","protected":false},"author":62,"featured_media":0,"comment_status":"closed","ping_status":"closed","sticky":false,"template":"","format":"standard","meta":{"footnotes":""},"categories":[221],"tags":[],"_links":{"self":[{"href":"https:\/\/dikcg.me\/wpold\/bijelo-polje\/wp-json\/wp\/v2\/posts\/1085"}],"collection":[{"href":"https:\/\/dikcg.me\/wpold\/bijelo-polje\/wp-json\/wp\/v2\/posts"}],"about":[{"href":"https:\/\/dikcg.me\/wpold\/bijelo-polje\/wp-json\/wp\/v2\/types\/post"}],"author":[{"embeddable":true,"href":"https:\/\/dikcg.me\/wpold\/bijelo-polje\/wp-json\/wp\/v2\/users\/62"}],"replies":[{"embeddable":true,"href":"https:\/\/dikcg.me\/wpold\/bijelo-polje\/wp-json\/wp\/v2\/comments?post=1085"}],"version-history":[{"count":1,"href":"https:\/\/dikcg.me\/wpold\/bijelo-polje\/wp-json\/wp\/v2\/posts\/1085\/revisions"}],"predecessor-version":[{"id":1086,"href":"https:\/\/dikcg.me\/wpold\/bijelo-polje\/wp-json\/wp\/v2\/posts\/1085\/revisions\/1086"}],"wp:attachment":[{"href":"https:\/\/dikcg.me\/wpold\/bijelo-polje\/wp-json\/wp\/v2\/media?parent=1085"}],"wp:term":[{"taxonomy":"category","embeddable":true,"href":"https:\/\/dikcg.me\/wpold\/bijelo-polje\/wp-json\/wp\/v2\/categories?post=1085"},{"taxonomy":"post_tag","embeddable":true,"href":"https:\/\/dikcg.me\/wpold\/bijelo-polje\/wp-json\/wp\/v2\/tags?post=1085"}],"curies":[{"name":"wp","href":"https:\/\/api.w.org\/{rel}","templated":true}]}}