{"id":1031,"date":"2020-08-06T16:05:33","date_gmt":"2020-08-06T15:05:33","guid":{"rendered":"https:\/\/bijelo-polje.dik.co.me\/?p=1031"},"modified":"2020-08-06T16:05:33","modified_gmt":"2020-08-06T15:05:33","slug":"rjesenja-o-pripadajucim-predsjednickim-mjestima-u-birackim-odborima","status":"publish","type":"post","link":"https:\/\/dikcg.me\/wpold\/bijelo-polje\/rjesenja-o-pripadajucim-predsjednickim-mjestima-u-birackim-odborima\/","title":{"rendered":"Rje\u0161enja o pripadaju\u0107im predsjedni\u010dkim mjestima u bira\u010dkim odborima"},"content":{"rendered":"","protected":false},"excerpt":{"rendered":"","protected":false},"author":62,"featured_media":0,"comment_status":"closed","ping_status":"closed","sticky":false,"template":"","format":"standard","meta":{"footnotes":""},"categories":[221],"tags":[],"_links":{"self":[{"href":"https:\/\/dikcg.me\/wpold\/bijelo-polje\/wp-json\/wp\/v2\/posts\/1031"}],"collection":[{"href":"https:\/\/dikcg.me\/wpold\/bijelo-polje\/wp-json\/wp\/v2\/posts"}],"about":[{"href":"https:\/\/dikcg.me\/wpold\/bijelo-polje\/wp-json\/wp\/v2\/types\/post"}],"author":[{"embeddable":true,"href":"https:\/\/dikcg.me\/wpold\/bijelo-polje\/wp-json\/wp\/v2\/users\/62"}],"replies":[{"embeddable":true,"href":"https:\/\/dikcg.me\/wpold\/bijelo-polje\/wp-json\/wp\/v2\/comments?post=1031"}],"version-history":[{"count":1,"href":"https:\/\/dikcg.me\/wpold\/bijelo-polje\/wp-json\/wp\/v2\/posts\/1031\/revisions"}],"predecessor-version":[{"id":1034,"href":"https:\/\/dikcg.me\/wpold\/bijelo-polje\/wp-json\/wp\/v2\/posts\/1031\/revisions\/1034"}],"wp:attachment":[{"href":"https:\/\/dikcg.me\/wpold\/bijelo-polje\/wp-json\/wp\/v2\/media?parent=1031"}],"wp:term":[{"taxonomy":"category","embeddable":true,"href":"https:\/\/dikcg.me\/wpold\/bijelo-polje\/wp-json\/wp\/v2\/categories?post=1031"},{"taxonomy":"post_tag","embeddable":true,"href":"https:\/\/dikcg.me\/wpold\/bijelo-polje\/wp-json\/wp\/v2\/tags?post=1031"}],"curies":[{"name":"wp","href":"https:\/\/api.w.org\/{rel}","templated":true}]}}