{"id":956,"date":"2020-08-21T11:40:19","date_gmt":"2020-08-21T10:40:19","guid":{"rendered":"https:\/\/berane.dik.co.me\/?p=956"},"modified":"2022-02-17T18:03:06","modified_gmt":"2022-02-17T17:03:06","slug":"zakljucak-o-utvrdivanju-opunomocenih-predstavnika-demokratske-crne-gore","status":"publish","type":"post","link":"https:\/\/dikcg.me\/wpold\/berane\/zakljucak-o-utvrdivanju-opunomocenih-predstavnika-demokratske-crne-gore\/","title":{"rendered":"Zaklju\u010dak o utvr\u0111ivanju opunomo\u0107enih predstavnika Demokratske Crne Gore"},"content":{"rendered":"","protected":false},"excerpt":{"rendered":"","protected":false},"author":61,"featured_media":0,"comment_status":"closed","ping_status":"closed","sticky":false,"template":"","format":"standard","meta":{"footnotes":""},"categories":[226],"tags":[235],"_links":{"self":[{"href":"https:\/\/dikcg.me\/wpold\/berane\/wp-json\/wp\/v2\/posts\/956"}],"collection":[{"href":"https:\/\/dikcg.me\/wpold\/berane\/wp-json\/wp\/v2\/posts"}],"about":[{"href":"https:\/\/dikcg.me\/wpold\/berane\/wp-json\/wp\/v2\/types\/post"}],"author":[{"embeddable":true,"href":"https:\/\/dikcg.me\/wpold\/berane\/wp-json\/wp\/v2\/users\/61"}],"replies":[{"embeddable":true,"href":"https:\/\/dikcg.me\/wpold\/berane\/wp-json\/wp\/v2\/comments?post=956"}],"version-history":[{"count":2,"href":"https:\/\/dikcg.me\/wpold\/berane\/wp-json\/wp\/v2\/posts\/956\/revisions"}],"predecessor-version":[{"id":960,"href":"https:\/\/dikcg.me\/wpold\/berane\/wp-json\/wp\/v2\/posts\/956\/revisions\/960"}],"wp:attachment":[{"href":"https:\/\/dikcg.me\/wpold\/berane\/wp-json\/wp\/v2\/media?parent=956"}],"wp:term":[{"taxonomy":"category","embeddable":true,"href":"https:\/\/dikcg.me\/wpold\/berane\/wp-json\/wp\/v2\/categories?post=956"},{"taxonomy":"post_tag","embeddable":true,"href":"https:\/\/dikcg.me\/wpold\/berane\/wp-json\/wp\/v2\/tags?post=956"}],"curies":[{"name":"wp","href":"https:\/\/api.w.org\/{rel}","templated":true}]}}