{"id":947,"date":"2020-08-21T11:28:10","date_gmt":"2020-08-21T10:28:10","guid":{"rendered":"https:\/\/berane.dik.co.me\/?p=947"},"modified":"2022-02-17T09:35:08","modified_gmt":"2022-02-17T08:35:08","slug":"rjesenje-o-imenovanju-birackog-odbora-za-izbor-poslanika-u-skupstini-crne-gore","status":"publish","type":"post","link":"https:\/\/dikcg.me\/wpold\/berane\/rjesenje-o-imenovanju-birackog-odbora-za-izbor-poslanika-u-skupstini-crne-gore\/","title":{"rendered":"Rje\u0161enje o imenovanju bira\u010dkog odbora za izbor poslanika u Skup\u0161tini Crne Gore"},"content":{"rendered":"","protected":false},"excerpt":{"rendered":"","protected":false},"author":61,"featured_media":0,"comment_status":"closed","ping_status":"closed","sticky":false,"template":"","format":"standard","meta":{"footnotes":""},"categories":[226],"tags":[235],"_links":{"self":[{"href":"https:\/\/dikcg.me\/wpold\/berane\/wp-json\/wp\/v2\/posts\/947"}],"collection":[{"href":"https:\/\/dikcg.me\/wpold\/berane\/wp-json\/wp\/v2\/posts"}],"about":[{"href":"https:\/\/dikcg.me\/wpold\/berane\/wp-json\/wp\/v2\/types\/post"}],"author":[{"embeddable":true,"href":"https:\/\/dikcg.me\/wpold\/berane\/wp-json\/wp\/v2\/users\/61"}],"replies":[{"embeddable":true,"href":"https:\/\/dikcg.me\/wpold\/berane\/wp-json\/wp\/v2\/comments?post=947"}],"version-history":[{"count":1,"href":"https:\/\/dikcg.me\/wpold\/berane\/wp-json\/wp\/v2\/posts\/947\/revisions"}],"predecessor-version":[{"id":950,"href":"https:\/\/dikcg.me\/wpold\/berane\/wp-json\/wp\/v2\/posts\/947\/revisions\/950"}],"wp:attachment":[{"href":"https:\/\/dikcg.me\/wpold\/berane\/wp-json\/wp\/v2\/media?parent=947"}],"wp:term":[{"taxonomy":"category","embeddable":true,"href":"https:\/\/dikcg.me\/wpold\/berane\/wp-json\/wp\/v2\/categories?post=947"},{"taxonomy":"post_tag","embeddable":true,"href":"https:\/\/dikcg.me\/wpold\/berane\/wp-json\/wp\/v2\/tags?post=947"}],"curies":[{"name":"wp","href":"https:\/\/api.w.org\/{rel}","templated":true}]}}