{"id":835,"date":"2018-04-05T11:33:29","date_gmt":"2018-04-05T10:33:29","guid":{"rendered":"http:\/\/berane.dik.co.me\/?p=835\/"},"modified":"2022-02-17T09:57:30","modified_gmt":"2022-02-17T08:57:30","slug":"zakljucak-o-utvrdivanju-opunomocenog-predstavnika-milo-dukanovic","status":"publish","type":"post","link":"https:\/\/dikcg.me\/wpold\/berane\/zakljucak-o-utvrdivanju-opunomocenog-predstavnika-milo-dukanovic\/","title":{"rendered":"Zaklju\u010dak o utvr\u0111ivanju opunomo\u0107enog predstavnika u pro\u0161ireni sastav bira\u010dkog odbora &#8211; Milo \u0110ukanovi\u0107"},"content":{"rendered":"","protected":false},"excerpt":{"rendered":"","protected":false},"author":56,"featured_media":0,"comment_status":"closed","ping_status":"closed","sticky":false,"template":"","format":"standard","meta":{"footnotes":""},"categories":[201],"tags":[235],"_links":{"self":[{"href":"https:\/\/dikcg.me\/wpold\/berane\/wp-json\/wp\/v2\/posts\/835"}],"collection":[{"href":"https:\/\/dikcg.me\/wpold\/berane\/wp-json\/wp\/v2\/posts"}],"about":[{"href":"https:\/\/dikcg.me\/wpold\/berane\/wp-json\/wp\/v2\/types\/post"}],"author":[{"embeddable":true,"href":"https:\/\/dikcg.me\/wpold\/berane\/wp-json\/wp\/v2\/users\/56"}],"replies":[{"embeddable":true,"href":"https:\/\/dikcg.me\/wpold\/berane\/wp-json\/wp\/v2\/comments?post=835"}],"version-history":[{"count":3,"href":"https:\/\/dikcg.me\/wpold\/berane\/wp-json\/wp\/v2\/posts\/835\/revisions"}],"predecessor-version":[{"id":908,"href":"https:\/\/dikcg.me\/wpold\/berane\/wp-json\/wp\/v2\/posts\/835\/revisions\/908"}],"wp:attachment":[{"href":"https:\/\/dikcg.me\/wpold\/berane\/wp-json\/wp\/v2\/media?parent=835"}],"wp:term":[{"taxonomy":"category","embeddable":true,"href":"https:\/\/dikcg.me\/wpold\/berane\/wp-json\/wp\/v2\/categories?post=835"},{"taxonomy":"post_tag","embeddable":true,"href":"https:\/\/dikcg.me\/wpold\/berane\/wp-json\/wp\/v2\/tags?post=835"}],"curies":[{"name":"wp","href":"https:\/\/api.w.org\/{rel}","templated":true}]}}