{"id":1357,"date":"2023-04-03T22:17:46","date_gmt":"2023-04-03T21:17:46","guid":{"rendered":"https:\/\/berane.dik.co.me\/?p=1357"},"modified":"2023-04-04T06:39:21","modified_gmt":"2023-04-04T05:39:21","slug":"izvjestaj-o-rezultatima-glasanja-za-predsjednika-crne-gore-na-podrucju-opstine-berane-2","status":"publish","type":"post","link":"https:\/\/dikcg.me\/wpold\/berane\/izvjestaj-o-rezultatima-glasanja-za-predsjednika-crne-gore-na-podrucju-opstine-berane-2\/","title":{"rendered":"IZVJE\u0160TAJ O REZULTATIMA GLASANJA ZA PREDSJEDNIKA CRNE GORE NA PODRU\u010cJU  OP\u0160TINE BERANE"},"content":{"rendered":"<p><a href=\"https:\/\/dikcg.me\/wpold\/berane\/wp-content\/uploads\/sites\/8\/2023\/04\/IZVJESTAJ-o-rezultatima-glasanja-za-Predsjednika-Crne-Gore-02.04.2023.-godine.docx\">IZVJESTAJ o rezultatima glasanja za Predsjednika Crne Gore 02.04.2023. godine<\/a><\/p>\n","protected":false},"excerpt":{"rendered":"IZVJESTAJ o rezultatima glasanja za Predsjednika Crne Gore 02.04.2023. godine","protected":false},"author":61,"featured_media":0,"comment_status":"closed","ping_status":"closed","sticky":false,"template":"","format":"standard","meta":{"footnotes":""},"categories":[237],"tags":[],"_links":{"self":[{"href":"https:\/\/dikcg.me\/wpold\/berane\/wp-json\/wp\/v2\/posts\/1357"}],"collection":[{"href":"https:\/\/dikcg.me\/wpold\/berane\/wp-json\/wp\/v2\/posts"}],"about":[{"href":"https:\/\/dikcg.me\/wpold\/berane\/wp-json\/wp\/v2\/types\/post"}],"author":[{"embeddable":true,"href":"https:\/\/dikcg.me\/wpold\/berane\/wp-json\/wp\/v2\/users\/61"}],"replies":[{"embeddable":true,"href":"https:\/\/dikcg.me\/wpold\/berane\/wp-json\/wp\/v2\/comments?post=1357"}],"version-history":[{"count":1,"href":"https:\/\/dikcg.me\/wpold\/berane\/wp-json\/wp\/v2\/posts\/1357\/revisions"}],"predecessor-version":[{"id":1359,"href":"https:\/\/dikcg.me\/wpold\/berane\/wp-json\/wp\/v2\/posts\/1357\/revisions\/1359"}],"wp:attachment":[{"href":"https:\/\/dikcg.me\/wpold\/berane\/wp-json\/wp\/v2\/media?parent=1357"}],"wp:term":[{"taxonomy":"category","embeddable":true,"href":"https:\/\/dikcg.me\/wpold\/berane\/wp-json\/wp\/v2\/categories?post=1357"},{"taxonomy":"post_tag","embeddable":true,"href":"https:\/\/dikcg.me\/wpold\/berane\/wp-json\/wp\/v2\/tags?post=1357"}],"curies":[{"name":"wp","href":"https:\/\/api.w.org\/{rel}","templated":true}]}}