{"id":571,"date":"2022-09-27T18:13:51","date_gmt":"2022-09-27T17:13:51","guid":{"rendered":"https:\/\/bar.dik.co.me\/?p=571"},"modified":"2022-09-27T18:13:51","modified_gmt":"2022-09-27T17:13:51","slug":"rjesenje-o-utvrdivanju-i-proglasenju-izborne-liste-dragan-tufegdzic-idemo-ljudi-demokratski-evropski-ujedinjeno-za-bar-demokrate-pokret-evropa-sad-ujedinjena-crna-gora","status":"publish","type":"post","link":"https:\/\/dikcg.me\/wpold\/bar\/rjesenje-o-utvrdivanju-i-proglasenju-izborne-liste-dragan-tufegdzic-idemo-ljudi-demokratski-evropski-ujedinjeno-za-bar-demokrate-pokret-evropa-sad-ujedinjena-crna-gora\/","title":{"rendered":"RJE\u0160ENJE O UTVR\u0110IVANJU I PROGLA\u0160ENJU IZBORNE LISTE DRAGAN TUFEGD\u017dI\u0106 \u2013 IDEMO,  LJUDI! DEMOKRATSKI, EVROPSKI, UJEDINJENO ZA BAR \u2013 DEMOKRATE, POKRET EVROPA SAD! UJEDINJENA CRNA GORA"},"content":{"rendered":"","protected":false},"excerpt":{"rendered":"","protected":false},"author":64,"featured_media":0,"comment_status":"closed","ping_status":"closed","sticky":false,"template":"","format":"standard","meta":{"footnotes":""},"categories":[180],"tags":[],"_links":{"self":[{"href":"https:\/\/dikcg.me\/wpold\/bar\/wp-json\/wp\/v2\/posts\/571"}],"collection":[{"href":"https:\/\/dikcg.me\/wpold\/bar\/wp-json\/wp\/v2\/posts"}],"about":[{"href":"https:\/\/dikcg.me\/wpold\/bar\/wp-json\/wp\/v2\/types\/post"}],"author":[{"embeddable":true,"href":"https:\/\/dikcg.me\/wpold\/bar\/wp-json\/wp\/v2\/users\/64"}],"replies":[{"embeddable":true,"href":"https:\/\/dikcg.me\/wpold\/bar\/wp-json\/wp\/v2\/comments?post=571"}],"version-history":[{"count":1,"href":"https:\/\/dikcg.me\/wpold\/bar\/wp-json\/wp\/v2\/posts\/571\/revisions"}],"predecessor-version":[{"id":574,"href":"https:\/\/dikcg.me\/wpold\/bar\/wp-json\/wp\/v2\/posts\/571\/revisions\/574"}],"wp:attachment":[{"href":"https:\/\/dikcg.me\/wpold\/bar\/wp-json\/wp\/v2\/media?parent=571"}],"wp:term":[{"taxonomy":"category","embeddable":true,"href":"https:\/\/dikcg.me\/wpold\/bar\/wp-json\/wp\/v2\/categories?post=571"},{"taxonomy":"post_tag","embeddable":true,"href":"https:\/\/dikcg.me\/wpold\/bar\/wp-json\/wp\/v2\/tags?post=571"}],"curies":[{"name":"wp","href":"https:\/\/api.w.org\/{rel}","templated":true}]}}