{"id":492,"date":"2020-08-18T14:48:21","date_gmt":"2020-08-18T13:48:21","guid":{"rendered":"https:\/\/bar.dik.co.me\/?p=492"},"modified":"2022-04-07T13:52:33","modified_gmt":"2022-04-07T12:52:33","slug":"prosireni-sastav-oik","status":"publish","type":"post","link":"https:\/\/dikcg.me\/wpold\/bar\/prosireni-sastav-oik\/","title":{"rendered":"Pro\u0161ireni sastav OIK"},"content":{"rendered":"<p><a href=\"https:\/\/dikcg.me\/wpold\/bar\/wp-content\/uploads\/sites\/7\/2020\/08\/1.-SDP-DRAGAN-VOJVODI\u0106-07.08.2020.pdf\"><strong>SDP \u2013 JAKA CRNA GORA!<\/strong><\/a><\/p>\n<hr \/>\n<p><a href=\"https:\/\/dikcg.me\/wpold\/bar\/wp-content\/uploads\/sites\/7\/2020\/08\/2.-BO\u0160.STRANKA-NED\u017dIB-IBRI\u0160IMOVI\u0106-10.08.2020.pdf\"><strong>Bo\u0161nja\u010dka stranka \u2013 ispravno \u2013 Rafet Husovi\u0107<\/strong><\/a><\/p>\n<hr \/>\n<p><a href=\"https:\/\/dikcg.me\/wpold\/bar\/wp-content\/uploads\/sites\/7\/2020\/08\/3.-DEMOKRATE-ILIJA-PJE\u0160\u0106I\u0106-10.08.2020.pdf\"><strong>Aleksa Be\u010di\u0107 \u2013 Miodrag Leki\u0107 \u2013 \u201eMIR JE NA\u0160A NACIJA\u201c \u2013 Demokrate \u2013 Demokratska Crna Gora \u2013 Partija penzionera, ivalida i restitucije \u2013 Gra\u0111anski pokret Nova ljevica<\/strong><\/a><\/p>\n<hr \/>\n<p><a href=\"https:\/\/dikcg.me\/wpold\/bar\/wp-content\/uploads\/sites\/7\/2020\/08\/4.-DPS-DANIJELA-MIJOVI\u0106-10.08.2020.pdf\"><strong>Odlu\u010dno za Crnu Goru! DPS \u2013 Milo \u0110ukanovi\u0107<\/strong><\/a><\/p>\n<hr \/>\n<p><a href=\"https:\/\/dikcg.me\/wpold\/bar\/wp-content\/uploads\/sites\/7\/2020\/08\/5.-SD-ALEKSANDRA-GRABE\u017d-12.08.2020.pdf\"><strong>Socijaldemokrate \u2013 Ivan Brajovi\u0107 \u2013 Mi odlu\u010dujemo DOSLJEDNO<\/strong><\/a><\/p>\n","protected":false},"excerpt":{"rendered":"SDP \u2013 JAKA CRNA GORA! Bo\u0161nja\u010dka stranka \u2013 ispravno \u2013 Rafet Husovi\u0107 Aleksa Be\u010di\u0107 \u2013 Miodrag Leki\u0107 \u2013 \u201eMIR JE NA\u0160A NACIJA\u201c \u2013 Demokrate \u2013 Demokratska Crna Gora \u2013 Partija penzionera, ivalida i restitucije \u2013 Gra\u0111anski pokret Nova ljevica Odlu\u010dno za Crnu Goru! DPS \u2013 Milo \u0110ukanovi\u0107 Socijaldemokrate \u2013 Ivan Brajovi\u0107 \u2013 Mi odlu\u010dujemo DOSLJEDNO","protected":false},"author":56,"featured_media":0,"comment_status":"closed","ping_status":"closed","sticky":false,"template":"","format":"standard","meta":{"footnotes":""},"categories":[172],"tags":[179],"_links":{"self":[{"href":"https:\/\/dikcg.me\/wpold\/bar\/wp-json\/wp\/v2\/posts\/492"}],"collection":[{"href":"https:\/\/dikcg.me\/wpold\/bar\/wp-json\/wp\/v2\/posts"}],"about":[{"href":"https:\/\/dikcg.me\/wpold\/bar\/wp-json\/wp\/v2\/types\/post"}],"author":[{"embeddable":true,"href":"https:\/\/dikcg.me\/wpold\/bar\/wp-json\/wp\/v2\/users\/56"}],"replies":[{"embeddable":true,"href":"https:\/\/dikcg.me\/wpold\/bar\/wp-json\/wp\/v2\/comments?post=492"}],"version-history":[{"count":6,"href":"https:\/\/dikcg.me\/wpold\/bar\/wp-json\/wp\/v2\/posts\/492\/revisions"}],"predecessor-version":[{"id":509,"href":"https:\/\/dikcg.me\/wpold\/bar\/wp-json\/wp\/v2\/posts\/492\/revisions\/509"}],"wp:attachment":[{"href":"https:\/\/dikcg.me\/wpold\/bar\/wp-json\/wp\/v2\/media?parent=492"}],"wp:term":[{"taxonomy":"category","embeddable":true,"href":"https:\/\/dikcg.me\/wpold\/bar\/wp-json\/wp\/v2\/categories?post=492"},{"taxonomy":"post_tag","embeddable":true,"href":"https:\/\/dikcg.me\/wpold\/bar\/wp-json\/wp\/v2\/tags?post=492"}],"curies":[{"name":"wp","href":"https:\/\/api.w.org\/{rel}","templated":true}]}}