{"id":945,"date":"2020-08-06T10:41:25","date_gmt":"2020-08-06T09:41:25","guid":{"rendered":"https:\/\/andrijevica.dik.co.me\/?p=945"},"modified":"2021-12-20T10:00:59","modified_gmt":"2021-12-20T09:00:59","slug":"rjesenje-o-utvrdivanju-izborne-liste-aleksa-becic-miodrag-lekic-mir-je-nasa-nacija-demokrate-demokratska-crne-gora-demos","status":"publish","type":"post","link":"https:\/\/dikcg.me\/wpold\/andrijevica\/rjesenje-o-utvrdivanju-izborne-liste-aleksa-becic-miodrag-lekic-mir-je-nasa-nacija-demokrate-demokratska-crne-gora-demos\/","title":{"rendered":"Rje\u0161enje o utvr\u0111ivanju izborne liste ,,Aleksa Be\u010di\u0107 &#8211; Miodrag Leki\u0107 &#8211; Mir je na\u0161a nacija &#8211; Demokrate &#8211; Demokratska Crne Gora &#8211; Demos&#8221;"},"content":{"rendered":"<p>Na osnovu \u010dlana 27 stav 1 ta\u010dka 7 i \u010dlana 48 Zakona o izboru odbornika i poslanika, Op\u0161tinska izborna komisija Andrijevica, na sjednici odr\u017eanoj dana 03.08.2020. godine donijela je <a href=\"https:\/\/dikcg.me\/wpold\/andrijevica\/wp-content\/uploads\/sites\/9\/2020\/08\/Rjesenje-o-utvrdjivanju-i-proglasenju-izborne-liste-Leksa-Becic.pdf\" target=\"_blank\" rel=\"noopener noreferrer\">Rje\u0161enje o utvr\u0111ivanju izborne liste ,,Aleksa Be\u010di\u0107 &#8211; Miodrag Leki\u0107 &#8211; Mir je na\u0161a nacija &#8211; Demokrate &#8211; Demokratska Crne Gora &#8211; Demos&#8221;<\/a>.<\/p>\n","protected":false},"excerpt":{"rendered":"Na osnovu \u010dlana 27 stav 1 ta\u010dka 7 i \u010dlana 48 Zakona o izboru odbornika i poslanika, Op\u0161tinska izborna komisija Andrijevica, na sjednici odr\u017eanoj dana 03.08.2020. godine donijela je Rje\u0161enje o utvr\u0111ivanju izborne liste ,,Aleksa Be\u010di\u0107 &#8211; Miodrag Leki\u0107 &#8211; Mir je na\u0161a nacija &#8211; Demokrate &#8211; Demokratska Crne Gora &#8211; Demos&#8221;.","protected":false},"author":60,"featured_media":0,"comment_status":"closed","ping_status":"closed","sticky":false,"template":"","format":"standard","meta":{"footnotes":""},"categories":[224],"tags":[243],"_links":{"self":[{"href":"https:\/\/dikcg.me\/wpold\/andrijevica\/wp-json\/wp\/v2\/posts\/945"}],"collection":[{"href":"https:\/\/dikcg.me\/wpold\/andrijevica\/wp-json\/wp\/v2\/posts"}],"about":[{"href":"https:\/\/dikcg.me\/wpold\/andrijevica\/wp-json\/wp\/v2\/types\/post"}],"author":[{"embeddable":true,"href":"https:\/\/dikcg.me\/wpold\/andrijevica\/wp-json\/wp\/v2\/users\/60"}],"replies":[{"embeddable":true,"href":"https:\/\/dikcg.me\/wpold\/andrijevica\/wp-json\/wp\/v2\/comments?post=945"}],"version-history":[{"count":1,"href":"https:\/\/dikcg.me\/wpold\/andrijevica\/wp-json\/wp\/v2\/posts\/945\/revisions"}],"predecessor-version":[{"id":946,"href":"https:\/\/dikcg.me\/wpold\/andrijevica\/wp-json\/wp\/v2\/posts\/945\/revisions\/946"}],"wp:attachment":[{"href":"https:\/\/dikcg.me\/wpold\/andrijevica\/wp-json\/wp\/v2\/media?parent=945"}],"wp:term":[{"taxonomy":"category","embeddable":true,"href":"https:\/\/dikcg.me\/wpold\/andrijevica\/wp-json\/wp\/v2\/categories?post=945"},{"taxonomy":"post_tag","embeddable":true,"href":"https:\/\/dikcg.me\/wpold\/andrijevica\/wp-json\/wp\/v2\/tags?post=945"}],"curies":[{"name":"wp","href":"https:\/\/api.w.org\/{rel}","templated":true}]}}