{"id":790,"date":"2016-09-13T12:45:33","date_gmt":"2016-09-13T11:45:33","guid":{"rendered":"http:\/\/andrijevica.dik.co.me\/?p=790\/"},"modified":"2020-06-20T16:52:30","modified_gmt":"2020-06-20T15:52:30","slug":"sastanak-oik-13-09-2016","status":"publish","type":"post","link":"https:\/\/dikcg.me\/wpold\/andrijevica\/sastanak-oik-13-09-2016\/","title":{"rendered":"Sastanak OIK, 13.09.2016."},"content":{"rendered":"<div class=\"wpb_text_column wpb_content_element vc_custom_1473924264075\">\n<div class=\"wpb_wrapper\">\n<p>Zapisnik\u00a0sa sastanka Op\u0161tinske izborne komisije, odr\u017ean 13. 09. 2016. godine u kancelariji sekretara Skup\u0161tine sa po\u010detkom u 10 \u010dasova.<\/p>\n<\/div>\n<\/div>\n","protected":false},"excerpt":{"rendered":"Zapisnik\u00a0sa sastanka Op\u0161tinske izborne komisije, odr\u017ean 13. 09. 2016. godine u kancelariji sekretara Skup\u0161tine sa po\u010detkom u 10 \u010dasova.","protected":false},"author":56,"featured_media":0,"comment_status":"closed","ping_status":"closed","sticky":false,"template":"","format":"standard","meta":{"footnotes":""},"categories":[141,152],"tags":[],"_links":{"self":[{"href":"https:\/\/dikcg.me\/wpold\/andrijevica\/wp-json\/wp\/v2\/posts\/790"}],"collection":[{"href":"https:\/\/dikcg.me\/wpold\/andrijevica\/wp-json\/wp\/v2\/posts"}],"about":[{"href":"https:\/\/dikcg.me\/wpold\/andrijevica\/wp-json\/wp\/v2\/types\/post"}],"author":[{"embeddable":true,"href":"https:\/\/dikcg.me\/wpold\/andrijevica\/wp-json\/wp\/v2\/users\/56"}],"replies":[{"embeddable":true,"href":"https:\/\/dikcg.me\/wpold\/andrijevica\/wp-json\/wp\/v2\/comments?post=790"}],"version-history":[{"count":1,"href":"https:\/\/dikcg.me\/wpold\/andrijevica\/wp-json\/wp\/v2\/posts\/790\/revisions"}],"predecessor-version":[{"id":793,"href":"https:\/\/dikcg.me\/wpold\/andrijevica\/wp-json\/wp\/v2\/posts\/790\/revisions\/793"}],"wp:attachment":[{"href":"https:\/\/dikcg.me\/wpold\/andrijevica\/wp-json\/wp\/v2\/media?parent=790"}],"wp:term":[{"taxonomy":"category","embeddable":true,"href":"https:\/\/dikcg.me\/wpold\/andrijevica\/wp-json\/wp\/v2\/categories?post=790"},{"taxonomy":"post_tag","embeddable":true,"href":"https:\/\/dikcg.me\/wpold\/andrijevica\/wp-json\/wp\/v2\/tags?post=790"}],"curies":[{"name":"wp","href":"https:\/\/api.w.org\/{rel}","templated":true}]}}