{"id":651,"date":"2018-04-02T07:30:27","date_gmt":"2018-04-02T06:30:27","guid":{"rendered":"http:\/\/andrijevica.dik.co.me\/?p=651\/"},"modified":"2020-08-02T08:13:20","modified_gmt":"2020-08-02T07:13:20","slug":"biracka-mjesta-za-izbor-predsjednika-crne-gore","status":"publish","type":"post","link":"https:\/\/dikcg.me\/wpold\/andrijevica\/biracka-mjesta-za-izbor-predsjednika-crne-gore\/","title":{"rendered":"Bira\u010dka mjesta za izbor Predsjednika Crne Gore koji \u0107e se odr\u017eati 15. aprila 2018. godine"},"content":{"rendered":"<div class=\"wpb_text_column wpb_content_element vc_custom_1522738339802\">\n<div class=\"wpb_wrapper\">\n<p>Na osnovu \u010dlana 65 stav 4 Zakona o izboru odbornika i poslanika (,,Slu\u017ebeni list RCG\u201d, broj 4\/98, 17\/98, 14\/00, 9\/01, 41\/02, 46\/02 i 48\/06 i ,,Slu\u017ebeni list CG\u201d, broj 46\/11, 14\/14, 47\/14, 12\/16, 60\/17) i \u010dlana 9 Zakona o izboru Predsjednika Crne Gore (,,Slu\u017ebeni list CG\u201d, br. 17\/17, 08\/09, 12\/16), Op\u0161tinska izborna komisija Andrijevica\u00a0<strong>Ogla\u0161ava bira\u010dka mjesta za izbor predsjednika Crne Gore<\/strong>\u00a0koji \u0107e se odr\u017eati 15. aprila 2018. godine.<\/p>\n<\/div>\n<\/div>\n","protected":false},"excerpt":{"rendered":"Na osnovu \u010dlana 65 stav 4 Zakona o izboru odbornika i poslanika (,,Slu\u017ebeni list RCG\u201d, broj 4\/98, 17\/98, 14\/00, 9\/01, 41\/02, 46\/02 i 48\/06 i ,,Slu\u017ebeni list CG\u201d, broj 46\/11, 14\/14, 47\/14, 12\/16, 60\/17) i \u010dlana 9 Zakona o izboru Predsjednika Crne Gore (,,Slu\u017ebeni list CG\u201d, br. 17\/17, 08\/09, 12\/16), Op\u0161tinska izborna komisija Andrijevica\u00a0Ogla\u0161ava bira\u010dka&#8230; <a href=\"https:\/\/dikcg.me\/wpold\/andrijevica\/biracka-mjesta-za-izbor-predsjednika-crne-gore\/\">Read more <i class=\"fas fa-angle-right\"><\/i><\/a>","protected":false},"author":56,"featured_media":0,"comment_status":"closed","ping_status":"closed","sticky":false,"template":"","format":"standard","meta":{"footnotes":""},"categories":[212],"tags":[],"_links":{"self":[{"href":"https:\/\/dikcg.me\/wpold\/andrijevica\/wp-json\/wp\/v2\/posts\/651"}],"collection":[{"href":"https:\/\/dikcg.me\/wpold\/andrijevica\/wp-json\/wp\/v2\/posts"}],"about":[{"href":"https:\/\/dikcg.me\/wpold\/andrijevica\/wp-json\/wp\/v2\/types\/post"}],"author":[{"embeddable":true,"href":"https:\/\/dikcg.me\/wpold\/andrijevica\/wp-json\/wp\/v2\/users\/56"}],"replies":[{"embeddable":true,"href":"https:\/\/dikcg.me\/wpold\/andrijevica\/wp-json\/wp\/v2\/comments?post=651"}],"version-history":[{"count":4,"href":"https:\/\/dikcg.me\/wpold\/andrijevica\/wp-json\/wp\/v2\/posts\/651\/revisions"}],"predecessor-version":[{"id":657,"href":"https:\/\/dikcg.me\/wpold\/andrijevica\/wp-json\/wp\/v2\/posts\/651\/revisions\/657"}],"wp:attachment":[{"href":"https:\/\/dikcg.me\/wpold\/andrijevica\/wp-json\/wp\/v2\/media?parent=651"}],"wp:term":[{"taxonomy":"category","embeddable":true,"href":"https:\/\/dikcg.me\/wpold\/andrijevica\/wp-json\/wp\/v2\/categories?post=651"},{"taxonomy":"post_tag","embeddable":true,"href":"https:\/\/dikcg.me\/wpold\/andrijevica\/wp-json\/wp\/v2\/tags?post=651"}],"curies":[{"name":"wp","href":"https:\/\/api.w.org\/{rel}","templated":true}]}}