{"id":552,"date":"2018-04-03T20:48:32","date_gmt":"2018-04-03T19:48:32","guid":{"rendered":"http:\/\/rozaje.dik.co.me\/?p=552\/"},"modified":"2021-12-20T09:55:58","modified_gmt":"2021-12-20T08:55:58","slug":"etiam-in-neque-quis-metus-pretium-scelerisque-sit-amet-at-magna","status":"publish","type":"post","link":"https:\/\/dikcg.me\/wpold\/andrijevica\/etiam-in-neque-quis-metus-pretium-scelerisque-sit-amet-at-magna\/","title":{"rendered":"Saziv za 5. sjednicu"},"content":{"rendered":"<p>Saziv\u00a0za\u00a0 petu\u00a0sjednicu op\u0161tinske izborne komisije:<\/p>\n<ol>\n<li>Usvajanje zapisnika sa\u00a0\u010detvrte sjednice<\/li>\n<li>Rje\u0161enje o imenovanju bira\u010dkog odbora<\/li>\n<li>Teku\u0107a pitanja<\/li>\n<\/ol>\n","protected":false},"excerpt":{"rendered":"Saziv\u00a0za\u00a0 petu\u00a0sjednicu op\u0161tinske izborne komisije: Usvajanje zapisnika sa\u00a0\u010detvrte sjednice Rje\u0161enje o imenovanju bira\u010dkog odbora Teku\u0107a pitanja","protected":false},"author":1,"featured_media":0,"comment_status":"closed","ping_status":"closed","sticky":false,"template":"","format":"standard","meta":{"footnotes":""},"categories":[212],"tags":[],"_links":{"self":[{"href":"https:\/\/dikcg.me\/wpold\/andrijevica\/wp-json\/wp\/v2\/posts\/552"}],"collection":[{"href":"https:\/\/dikcg.me\/wpold\/andrijevica\/wp-json\/wp\/v2\/posts"}],"about":[{"href":"https:\/\/dikcg.me\/wpold\/andrijevica\/wp-json\/wp\/v2\/types\/post"}],"author":[{"embeddable":true,"href":"https:\/\/dikcg.me\/wpold\/andrijevica\/wp-json\/wp\/v2\/users\/1"}],"replies":[{"embeddable":true,"href":"https:\/\/dikcg.me\/wpold\/andrijevica\/wp-json\/wp\/v2\/comments?post=552"}],"version-history":[{"count":2,"href":"https:\/\/dikcg.me\/wpold\/andrijevica\/wp-json\/wp\/v2\/posts\/552\/revisions"}],"predecessor-version":[{"id":650,"href":"https:\/\/dikcg.me\/wpold\/andrijevica\/wp-json\/wp\/v2\/posts\/552\/revisions\/650"}],"wp:attachment":[{"href":"https:\/\/dikcg.me\/wpold\/andrijevica\/wp-json\/wp\/v2\/media?parent=552"}],"wp:term":[{"taxonomy":"category","embeddable":true,"href":"https:\/\/dikcg.me\/wpold\/andrijevica\/wp-json\/wp\/v2\/categories?post=552"},{"taxonomy":"post_tag","embeddable":true,"href":"https:\/\/dikcg.me\/wpold\/andrijevica\/wp-json\/wp\/v2\/tags?post=552"}],"curies":[{"name":"wp","href":"https:\/\/api.w.org\/{rel}","templated":true}]}}