{"id":1104,"date":"2023-06-13T10:11:00","date_gmt":"2023-06-13T09:11:00","guid":{"rendered":"https:\/\/andrijevica.dik.co.me\/?p=1104"},"modified":"2023-06-13T10:11:00","modified_gmt":"2023-06-13T09:11:00","slug":"zapisnik-o-radu-birackog-odbora-za-biracko-mjesto-broj-17-oblo-brdo-cuka","status":"publish","type":"post","link":"https:\/\/dikcg.me\/wpold\/andrijevica\/zapisnik-o-radu-birackog-odbora-za-biracko-mjesto-broj-17-oblo-brdo-cuka\/","title":{"rendered":"Zapisnik o radu bira\u010dkog odbora za bira\u010dko mjesto broj 17 Oblo Brdo &#8211; \u010cuka"},"content":{"rendered":"","protected":false},"excerpt":{"rendered":"","protected":false},"author":60,"featured_media":0,"comment_status":"closed","ping_status":"closed","sticky":false,"template":"","format":"standard","meta":{"footnotes":""},"categories":[247,199],"tags":[],"_links":{"self":[{"href":"https:\/\/dikcg.me\/wpold\/andrijevica\/wp-json\/wp\/v2\/posts\/1104"}],"collection":[{"href":"https:\/\/dikcg.me\/wpold\/andrijevica\/wp-json\/wp\/v2\/posts"}],"about":[{"href":"https:\/\/dikcg.me\/wpold\/andrijevica\/wp-json\/wp\/v2\/types\/post"}],"author":[{"embeddable":true,"href":"https:\/\/dikcg.me\/wpold\/andrijevica\/wp-json\/wp\/v2\/users\/60"}],"replies":[{"embeddable":true,"href":"https:\/\/dikcg.me\/wpold\/andrijevica\/wp-json\/wp\/v2\/comments?post=1104"}],"version-history":[{"count":1,"href":"https:\/\/dikcg.me\/wpold\/andrijevica\/wp-json\/wp\/v2\/posts\/1104\/revisions"}],"predecessor-version":[{"id":1105,"href":"https:\/\/dikcg.me\/wpold\/andrijevica\/wp-json\/wp\/v2\/posts\/1104\/revisions\/1105"}],"wp:attachment":[{"href":"https:\/\/dikcg.me\/wpold\/andrijevica\/wp-json\/wp\/v2\/media?parent=1104"}],"wp:term":[{"taxonomy":"category","embeddable":true,"href":"https:\/\/dikcg.me\/wpold\/andrijevica\/wp-json\/wp\/v2\/categories?post=1104"},{"taxonomy":"post_tag","embeddable":true,"href":"https:\/\/dikcg.me\/wpold\/andrijevica\/wp-json\/wp\/v2\/tags?post=1104"}],"curies":[{"name":"wp","href":"https:\/\/api.w.org\/{rel}","templated":true}]}}