{"id":1050,"date":"2023-05-18T09:06:02","date_gmt":"2023-05-18T08:06:02","guid":{"rendered":"https:\/\/andrijevica.dik.co.me\/?p=1050"},"modified":"2023-05-26T09:45:56","modified_gmt":"2023-05-26T08:45:56","slug":"rjesenje-o-odredivanju-birackih-mjesta-za-prijevremene-parlamentarne-izbore-koji-ce-se-odrzati-11-06-2023-godine","status":"publish","type":"post","link":"https:\/\/dikcg.me\/wpold\/andrijevica\/rjesenje-o-odredivanju-birackih-mjesta-za-prijevremene-parlamentarne-izbore-koji-ce-se-odrzati-11-06-2023-godine\/","title":{"rendered":"Rje\u0161enje o odre\u0111ivanju bira\u010dkih mjesta za izbor poslanika u Skup\u0161tini Crne Gore koji \u0107e se odr\u017eati 11.06.2023. godine"},"content":{"rendered":"","protected":false},"excerpt":{"rendered":"","protected":false},"author":60,"featured_media":0,"comment_status":"closed","ping_status":"closed","sticky":false,"template":"","format":"standard","meta":{"footnotes":""},"categories":[247,199],"tags":[],"_links":{"self":[{"href":"https:\/\/dikcg.me\/wpold\/andrijevica\/wp-json\/wp\/v2\/posts\/1050"}],"collection":[{"href":"https:\/\/dikcg.me\/wpold\/andrijevica\/wp-json\/wp\/v2\/posts"}],"about":[{"href":"https:\/\/dikcg.me\/wpold\/andrijevica\/wp-json\/wp\/v2\/types\/post"}],"author":[{"embeddable":true,"href":"https:\/\/dikcg.me\/wpold\/andrijevica\/wp-json\/wp\/v2\/users\/60"}],"replies":[{"embeddable":true,"href":"https:\/\/dikcg.me\/wpold\/andrijevica\/wp-json\/wp\/v2\/comments?post=1050"}],"version-history":[{"count":3,"href":"https:\/\/dikcg.me\/wpold\/andrijevica\/wp-json\/wp\/v2\/posts\/1050\/revisions"}],"predecessor-version":[{"id":1056,"href":"https:\/\/dikcg.me\/wpold\/andrijevica\/wp-json\/wp\/v2\/posts\/1050\/revisions\/1056"}],"wp:attachment":[{"href":"https:\/\/dikcg.me\/wpold\/andrijevica\/wp-json\/wp\/v2\/media?parent=1050"}],"wp:term":[{"taxonomy":"category","embeddable":true,"href":"https:\/\/dikcg.me\/wpold\/andrijevica\/wp-json\/wp\/v2\/categories?post=1050"},{"taxonomy":"post_tag","embeddable":true,"href":"https:\/\/dikcg.me\/wpold\/andrijevica\/wp-json\/wp\/v2\/tags?post=1050"}],"curies":[{"name":"wp","href":"https:\/\/api.w.org\/{rel}","templated":true}]}}